{"id":1059,"date":"2021-06-03T14:06:21","date_gmt":"2021-06-03T14:06:21","guid":{"rendered":"https:\/\/viviendu.com\/blog\/?p=1059"},"modified":"2021-07-08T10:21:33","modified_gmt":"2021-07-08T10:21:33","slug":"como-decorar-casa-de-madera","status":"publish","type":"post","link":"https:\/\/viviendu.com\/blog\/como-decorar-casa-de-madera\/","title":{"rendered":"C\u00f3mo decorar una casa de madera"},"content":{"rendered":"\n<p>\u00bfUn estilo tradicional?, o mejor, \u00bfun estilo m\u00e1s moderno? A la hora<strong> decorar una casa de madera <\/strong>puede surgirnos la duda de qu\u00e9 par\u00e1metros seguir en la decoraci\u00f3n. <\/p>\n\n\n\n<p>Y m\u00e1s a\u00fan ahora que la arquitectura contempor\u00e1nea busca el equilibrio entre el respeto del entorno y \u00a1el presupuesto! Porque no nos olvidemos, lo segundo tambi\u00e9n es importante.<\/p>\n\n\n\n<p>Sabemos cu\u00e1les son las <a href=\"https:\/\/viviendu.com\/wiki-pregunta\/preguntas-y-respuestas-sobre-casas-de-madera\/por-que-elegir-una-casa-de-madera\">ventajas de una casa de madera<\/a>. Pero, adem\u00e1s de conseguir que la vivienda consuma menos energ\u00eda \u2013por cierto, un 10% menos que una casa convencional\u2013 se trata tambi\u00e9n de que la casa de tus sue\u00f1os no te deje sin todos tus ahorros a la hora de decorarla.&nbsp;<\/p>\n\n\n\n<p>El objetivo ser\u00e1 que el espacio resulte acogedor y funcional sobre todas las cosas. Pues manos a la obra. En este post te vamos a dar algunas <strong>ideas para decorar una casa en madera<\/strong>, ya sea una casa de madera peque\u00f1a o una casa de madera de dise\u00f1o.&nbsp;<\/p>\n\n\n\n<h2 class=\"has-text-align-left wp-block-heading\">Mini casa de madera en el campo o casas de madera de dise\u00f1o<\/h2>\n\n\n\n<p>\u201cLas mini casas de madera en mitad del campo o <a href=\"https:\/\/viviendu.com\/s\/cabanas-de-madera\/\">caba\u00f1as de madera<\/a> son una tendencia\u201d, nos explica Sergio Karakas, arquitecto de interiores con varios proyectos en marcha de mayor calibre. <\/p>\n\n\n\n<p>\u201cEste tipo de casas tienen peque\u00f1as estancias y espacios reducidos. El cliente lo que busca en este caso es vivir m\u00e1s el exterior que el propio interior de la casa\u201d.&nbsp;<\/p>\n\n\n\n<p>De esta manera, no ser\u00e1 lo mismo la decoraci\u00f3n para una peque\u00f1a casa de madera en el campo que para una vivienda de mayor envergadura o <a href=\"https:\/\/viviendu.com\/s\/casas-de-madera\/\">casas de madera con dise\u00f1o<\/a>. Estas \u00faltimas tendr\u00e1n una <strong>est\u00e9tica m\u00e1s contempor\u00e1nea<\/strong>. <\/p>\n\n\n\n<p>En las de tipo caba\u00f1a de madera se apuesta por el \u201cmenos es m\u00e1s\u201d: <strong>pocos muebles<\/strong>, <strong>mobiliario modular <\/strong>y <strong>confortable<\/strong>, <strong>colores neutros en los textiles<\/strong> y una <strong>iluminaci\u00f3n muy cuidada<\/strong>.&nbsp;<\/p>\n\n\n\n<p>\u201cEn ambos casos, tanto en las casas de madera tipo caba\u00f1a como en las casas de madera de dise\u00f1o el confort es prioritario y la madera ya aporta elevadas dosis de calidez. Pero tambi\u00e9n es un material que pesa est\u00e9ticamente\u201d, comenta el decorador. <\/p>\n\n\n\n<p>Para aligerar este peso se pueden a\u00f1adir <strong>elementos met\u00e1licos<\/strong>, pocos, en barandillas o en l\u00e1mpara de dise\u00f1o u optar por <strong>pintar la madera <\/strong>de tonos neutros y blancos.<\/p>\n\n\n\n<h2 class=\"wp-block-heading\">Apostar por el total look ecol\u00f3gico o biol\u00f3gico<\/h2>\n\n\n\n<p>Puestos a construir en madera con materiales naturales, lo interesante es seguir apostando por materiales ecol\u00f3gicos tambi\u00e9n en la decoraci\u00f3n interior. <\/p>\n\n\n\n<p>\u201cYa hay f\u00e1bricas y firmas de decoraci\u00f3n que apuestan 100% por este tipo de materiales\u201d, explica el decorador Sergio Karakas. <\/p>\n\n\n\n<p>Te damos algunas ideas a continuaci\u00f3n.&nbsp;<\/p>\n\n\n\n<h3 class=\"wp-block-heading\">L\u00e1mparas de fibras vegetales para decorar una casa de madera<\/h3>\n\n\n\n<p>En vez de comprar l\u00e1mparas de cristal o de alg\u00fan tipo de pasta pl\u00e1stica \u201ces mejor decantarse por <strong>l\u00e1mparas con fibras vegetales trenzadas<\/strong>, como puede ser el mimbre\u201d. <\/p>\n\n\n\n<p>Este material te permite crear ambientes naturales con grandes dosis de sutileza y estilo. Por s\u00ed solas, son capaces de convertirse en las protagonistas de un rinc\u00f3n o un espacio.<\/p>\n\n\n\n<h3 class=\"wp-block-heading\">Elige mobiliario de madera y textiles naturales en tonos crudos<\/h3>\n\n\n\n<p>Mucho mejor si el mobiliario tambi\u00e9n es de madera, con vol\u00famenes acordes a la estancia que vayas a decorar. Adem\u00e1s, apuesta por los <strong>textiles naturales crudos<\/strong>, que no sean sint\u00e9ticos y \u201csi hay que meter color mejor hacerlo en una alfombra grande apostando por las fibras naturales como la lana o el algod\u00f3n\u201d, explica Pablo Farf\u00e1n, bioarquitecto que trabaja en la actualidad con varios proyectos de casas de madera contempor\u00e1neas.\u00a0<\/p>\n\n\n\n<div class=\"wp-block-image\"><figure class=\"aligncenter size-large\"><img loading=\"lazy\" decoding=\"async\" width=\"1024\" height=\"575\" src=\"https:\/\/viviendu.com\/blog\/wp-content\/uploads\/2021\/06\/interiores_habitacion_casa_madera-1024x575.jpg\" alt=\"interiores_habitacion_casa_madera\" class=\"wp-image-1490\" srcset=\"https:\/\/viviendu.com\/blog\/wp-content\/uploads\/2021\/06\/interiores_habitacion_casa_madera-1024x575.jpg 1024w, https:\/\/viviendu.com\/blog\/wp-content\/uploads\/2021\/06\/interiores_habitacion_casa_madera-300x169.jpg 300w, https:\/\/viviendu.com\/blog\/wp-content\/uploads\/2021\/06\/interiores_habitacion_casa_madera-768x431.jpg 768w, https:\/\/viviendu.com\/blog\/wp-content\/uploads\/2021\/06\/interiores_habitacion_casa_madera.jpg 1280w\" sizes=\"auto, (max-width: 1024px) 100vw, 1024px\" \/><\/figure><\/div>\n\n\n\n<h3 class=\"wp-block-heading\">Apuesta por el barro natural para los exteriores de la casa de madera&nbsp;<\/h3>\n\n\n\n<p>El <strong>barro artesanal <\/strong>con otros colores y otras formas m\u00e1s actuales, como las que trabajan firmas como Todo Barro, combinan a la perfecci\u00f3n con la madera. <\/p>\n\n\n\n<p>Sobre todo, utiliza este material para exteriores, como un peque\u00f1o porche. \u201cNo hablamos del t\u00edpico barro rojo, sino barro natural con otros tonos y dise\u00f1os, como el tono pizarra, que evoca el estilo de la arquitectura mediterr\u00e1nea pero m\u00e1s contempor\u00e1nea\u201d, se\u00f1ala Farf\u00e1n.<\/p>\n\n\n\n<h3 class=\"wp-block-heading\">Todo al blanco para conseguir un estilo muy mediterr\u00e1neo&nbsp;<\/h3>\n\n\n\n<p>En lugares con climas tan soleados como el nuestro, en los que adem\u00e1s la casa de madera est\u00e1 rodeada de vegetaci\u00f3n, el estilo mediterr\u00e1neo es el m\u00e1s apropiado. <\/p>\n\n\n\n<p>Para ello, es importante <strong>elegir un suelo apropiado <\/strong>para la casa. Que puede ser en madera o no, pero sobre todo, que apueste por los <strong>tonos blancos o grises<\/strong>. \u201cEn las casas ibicencas y tambi\u00e9n en las casas de la Axarqu\u00eda malague\u00f1a, por ejemplo, los suelos eran blancos\u201d, explica el arquitecto Pablo Farf\u00e1n. <\/p>\n\n\n\n<p>\u201cEs una combinaci\u00f3n muy mediterr\u00e1nea y sigue resultando contempor\u00e1nea: un suelo blanquecino o gris, las paredes blancas y la madera pintada tambi\u00e9n en color blanco\u201d.<\/p>\n\n\n\n<h3 class=\"wp-block-heading\">Pintar la madera de la casa en blanco con lasur<\/h3>\n\n\n\n<p>El arquitecto bioclim\u00e1tico tambi\u00e9n nos revela cu\u00e1les son los productos que est\u00e1 usando en sus \u00faltimos proyectos de casas de madera contempor\u00e1neas. Para pintar y <a href=\"https:\/\/viviendu.com\/blog\/como-hacer-mantenimiento-casa-de-madera\/\">proteger la madera de las casas<\/a> en blanco usa el <strong>lasur<\/strong>, \u201cun tratamiento de aceites y de ceras que adem\u00e1s de protegerla contra la humedad y los insectos, la hace m\u00e1s liviana\u201d.<\/p>\n\n\n\n<p>Se usa \u201cpara que no se sobrecargue mucho una estancia, por ejemplo, un sal\u00f3n grande\u201d y el resultado es que queda&nbsp; la madera pintada en blanco \u201cpero respetando que se vean las vetas y los nudos de este material\u201d, explica Farf\u00e1n. <\/p>\n\n\n\n<p>\u201cLo utilizo mucho para descargar la sensaci\u00f3n de peso en un sal\u00f3n con vigas vistas. El techo sigue teniendo esa vibraci\u00f3n que tiene la madera pero la sensaci\u00f3n es de mayor ligereza\u201d.\u00a0<\/p>\n\n\n\n<h4 class=\"has-text-color has-text-align-center wp-block-heading\" style=\"color:#76c0a4\"><strong>Si quieres estar al d\u00eda con todo lo relacionado con las viviendas alternativas<br>no te olvides de suscribirte a nuestra newsletter y seguirnos en <a href=\"https:\/\/www.instagram.com\/vivienducom\/\">Instagram<\/a> y <a rel=\"noreferrer noopener\" href=\"https:\/\/www.facebook.com\/viviendu.casas\/photos\/?ref=page_internal\" target=\"_blank\">Facebook<\/a><\/strong><\/h4>\n\n\n\n<!-- Begin MailChimp Signup Form -->\n\t\t\t\t<div id=\"mc_embed_signup\" class=\"inpost p-5\">\n\t\t\t\t<form action=\"\/\/viviendu.us11.list-manage.com\/subscribe\/post?u=6421e5c37cf26359595d46661&amp;id=9a3c34f176\" method=\"post\" id=\"mc-embedded-subscribe-form\" name=\"mc-embedded-subscribe-form\" class=\"validate\" target=\"_blank\" novalidate>\n\t\t\t\t    <div id=\"mc_embed_signup_scroll\" class=\"row\">\n\t\t\t\t    \t<div class=\"col-sm-12\">\n\t\t\t\t    \t\t<h3 class=\"tit-sep\">\u00bfQuieres recibir en tu email contenidos como este?<\/h3>\n\t\t\t\t    \t<\/div>\n\t\t\t\t\t\t<div class=\"mc-field-group col-sm-8\">\n\t\t\t\t\t\t\t<p><input type=\"email\" value=\"\" placeholder=\"Correo electr\u00f3nico\" name=\"EMAIL\" class=\"required email input-block\" id=\"mce-EMAIL\"><\/p>\n\t\t\t\t\t\t\t<p class=\"legal\"><input type=\"checkbox\" name=\"legal\" id=\"legal\" checked> <label for=\"legal\">Acepto <a href=\"https:\/\/viviendu.com\/aviso-legal\/\" target=\"_blank\">t\u00e9rminos y condiciones<\/a> para recibir alertas<\/label><\/p>\n\t\t\t\t\t\t<\/div>\n\t\t\t\t\t\t<div class=\"col-sm-4\">\n\t\t\t\t    \t\t<input type=\"submit\" value=\"Enviar\" name=\"subscribe\" id=\"mc-embedded-subscribe\" class=\"button btn btn-block btn-contact btn-newsletter\">\n\t\t\t\t    \t<\/div>\n\n\t\t\t\t\t\t<div id=\"mce-responses\" class=\"col-sm-12\">\n\t\t\t\t\t\t\t<div class=\"response\" id=\"mce-error-response\" style=\"display:none\"><\/div>\n\t\t\t\t\t\t\t<div class=\"response\" id=\"mce-success-response\" style=\"display:none\"><\/div>\n\t\t\t\t\t\t<\/div>    <!-- real people should not fill this in and expect good things - do not remove this or risk form bot signups-->\n\t\t\t\t    \t<div style=\"position: absolute; left: -5000px;\" aria-hidden=\"true\"><input type=\"text\" name=\"b_6421e5c37cf26359595d46661_9a3c34f176\" tabindex=\"-1\" value=\"\"><\/div>\n\t\t\t\t    <\/div>\n\t\t\t\t<\/form>\n\t\t\t\t<\/div>\n\t\t\t\t<!--End mc_embed_signup-->\n","protected":false},"excerpt":{"rendered":"<p>\u00bfUn estilo tradicional?, o mejor, \u00bfun estilo m\u00e1s moderno? A la hora decorar una casa de madera puede surgirnos la duda de qu\u00e9 par\u00e1metros seguir en la decoraci\u00f3n. Y m\u00e1s a\u00fan ahora que la arquitectura contempor\u00e1nea busca el equilibrio entre el respeto del entorno y \u00a1el presupuesto! Porque no nos olvidemos, lo segundo tambi\u00e9n es [&hellip;]<\/p>\n","protected":false},"author":7,"featured_media":1064,"comment_status":"open","ping_status":"open","sticky":false,"template":"","format":"standard","meta":{"_acf_changed":false,"footnotes":""},"categories":[83,82],"tags":[95],"class_list":["post-1059","post","type-post","status-publish","format-standard","has-post-thumbnail","hentry","category-decoracion","category-diseno","tag-madera"],"acf":[],"_links":{"self":[{"href":"https:\/\/viviendu.com\/blog\/wp-json\/wp\/v2\/posts\/1059","targetHints":{"allow":["GET"]}}],"collection":[{"href":"https:\/\/viviendu.com\/blog\/wp-json\/wp\/v2\/posts"}],"about":[{"href":"https:\/\/viviendu.com\/blog\/wp-json\/wp\/v2\/types\/post"}],"author":[{"embeddable":true,"href":"https:\/\/viviendu.com\/blog\/wp-json\/wp\/v2\/users\/7"}],"replies":[{"embeddable":true,"href":"https:\/\/viviendu.com\/blog\/wp-json\/wp\/v2\/comments?post=1059"}],"version-history":[{"count":6,"href":"https:\/\/viviendu.com\/blog\/wp-json\/wp\/v2\/posts\/1059\/revisions"}],"predecessor-version":[{"id":1491,"href":"https:\/\/viviendu.com\/blog\/wp-json\/wp\/v2\/posts\/1059\/revisions\/1491"}],"wp:featuredmedia":[{"embeddable":true,"href":"https:\/\/viviendu.com\/blog\/wp-json\/wp\/v2\/media\/1064"}],"wp:attachment":[{"href":"https:\/\/viviendu.com\/blog\/wp-json\/wp\/v2\/media?parent=1059"}],"wp:term":[{"taxonomy":"category","embeddable":true,"href":"https:\/\/viviendu.com\/blog\/wp-json\/wp\/v2\/categories?post=1059"},{"taxonomy":"post_tag","embeddable":true,"href":"https:\/\/viviendu.com\/blog\/wp-json\/wp\/v2\/tags?post=1059"}],"curies":[{"name":"wp","href":"https:\/\/api.w.org\/{rel}","templated":true}]}}